{"id":5,"date":"2020-04-16T15:59:00","date_gmt":"2020-04-16T15:59:00","guid":{"rendered":"http:\/\/michaelmuenz.com\/?p=5"},"modified":"2026-02-20T12:02:01","modified_gmt":"2026-02-20T12:02:01","slug":"herzlich-willkommen","status":"publish","type":"post","link":"http:\/\/michaelmuenz.com\/?p=5","title":{"rendered":"Herzlich willkommen!"},"content":{"rendered":"<p><strong>Online arbeiten<\/strong><br \/>\nMit der \u201eInternet-Nacht\u201c der BBC 1995 fing alles an \u2013 seitdem kann ich mir ein Leben \u201eoffline\u201c kaum noch vorstellen. Das Volontariat mit Schwerpunkt Internet, journalistische Arbeit mit und \u00fcber Online-Angebote sowie Konzeption und Aufbau von Portalen haben mir dabei geholfen, wertvolle Erfahrungen zu M\u00f6glichkeiten und T\u00fccken des World Wide Web zu sammeln. Diese habe ich etwa bei meiner Arbeit f\u00fcr die Deutsche Welle eingebracht: Dort war ich zuletzt in der Nachrichtenredaktion f\u00fcr Social Media zust\u00e4ndig. Daran anschlie\u00dfend habe ich vier Jahre beim <a href=\"http:\/\/www.gsi-bonn.de\/\" target=\"_blank\" rel=\"noopener noreferrer\">Gustav-Stresemann-Institut e.V<\/a> als Projektleitung Vorstand gearbeitet. Im Januar 2020 habe ich eine neue T\u00e4tigkeit aufgenommen: Ich unterst\u00fctze die Abteilung Events bei der Deutschen Welle, unter anderem bei der Ausrichtung analoger und digitaler Veranstaltungen, etwa des <a href=\"https:\/\/www.dw.com\/en\/about-dw\/gmf\/s-43101535\" target=\"_blank\" rel=\"noopener noreferrer\">Deutsche Welle Global Media Forums<\/a>.<\/p>\n<p><strong>Leidenschaftlich auflegen<\/strong><br \/>\nIch lege leidenschaftlich gern Musik auf &#8211; als DJ auf einer privaten Party, einer Betriebsfeier, einem Festival oder im Hintergrund. Auch f\u00fcr Ihre Veranstaltung finde ich den richtigen Soundtrack &#8211; kontaktieren Sie mich <a href=\"http:\/\/dj-michael-marten.com\/\" target=\"_blank\" rel=\"noopener noreferrer\">\u00fcber meine Webseite &#8222;DJ Michael Marten&#8220;<\/a>.<\/p>\n<p><strong>Analog begegnen<br \/>\n<\/strong>Wenn Sie im Raum Bonn leben, kommen Sie doch zur <a href=\"https:\/\/www.facebook.com\/SocialbarBonn\/\" target=\"_blank\" rel=\"noopener noreferrer\">Socialbar Bonn<\/a>, die ich mit Kolleginnen und Kollegen organisiere. Zu Corona-Zeiten sind wir in digitale R\u00e4ume umgezogen &#8211; aber auch per Zoom ist das jedes Mal wieder ein toller Ort der Begegnung.<\/p>\n<p><strong>Podcasts hosten<\/strong><br \/>\nGemeinsam mit meiner Socialbar-Bonn-Kollegin Ute Lange moderiere ich auch den Podcast zu dieser Veranstaltungsreihe. Die Folgen hosten wir bei <a href=\"https:\/\/bundescast.de\/@socialbarbonn\" target=\"_blank\" rel=\"noopener\">bundescast.de<\/a>, dort sind auch Links zu weiteren Plattformen gelistet. Zuvor haben Ute und ich vier Jahre &#8222;Update verf\u00fcgbar&#8220;, den Podcast f\u00fcr Sicherheit im digitalen Alltag, moderiert. <a href=\"https:\/\/www.bsi.bund.de\/DE\/Service-Navi\/Mediathek\/Podcast\/podcast_node.html\" target=\"_blank\" rel=\"noopener\">Die Folgen gibt es unter anderem bei Spotify oder Youtube.<\/a><\/p>\n<p><strong>Veranstaltungen moderieren<br \/>\n<\/strong>Sowohl auf einem Podium als auch in digitalen R\u00e4umen moderiere ich regelm\u00e4\u00dfig Diskussionsrunden. Zu meinen Auftraggebern geh\u00f6ren unter anderem die Deutsche Welle, die Stadt Bonn und die Friedrich-Naumann-Stiftung.<\/p>\n<p><strong>Live streamen<br \/>\n<\/strong>Ob allein als <a href=\"https:\/\/www.mixcloud.com\/djmichaelmarten\/\" target=\"_blank\" rel=\"noopener\">DJ im Livestream<\/a> oder im Team <a href=\"https:\/\/www.fazemag.de\/bonner-room-chefarzt-udo-sausen-von-der-notaufnahme-an-die-turntables\/\" target=\"_blank\" rel=\"noopener\">als Veranstalter von Charity Raves<\/a> &#8211; in den vergangenen Monaten habe ich zahlreiche digitale Veranstaltungsformate umgesetzt. Die sch\u00f6ne Erkenntnis: Wenn alle Beteiligten in Kontakt sind, springt der Funke auch am Bildschirm \u00fcber. Viele der digitalen Begegnungen der vergangenen Monate m\u00f6chte ich nicht missen.<\/p>\n<p><strong>Musikalisch bloggen<\/strong><br \/>\nAuf <a href=\"http:\/\/100songs.de\" target=\"_blank\" rel=\"noopener noreferrer\">100songs.de<\/a> haben ein Kollege und ich eine Liste von Liedern erstellt, von denen wir glauben, dass man sie kennen sollte. <a href=\"http:\/\/100songs.de\" target=\"_blank\" rel=\"noopener noreferrer\">Diskutieren Sie mit uns mit<\/a>!<\/p>\n<p><strong>Engagiert schreiben<\/strong><br \/>\nUnter <a href=\"http:\/\/michaelmuenz.wordpress.com\/\" target=\"_blank\" rel=\"noopener noreferrer\">http:\/\/michaelmuenz.wordpress.com\/<\/a> habe ich rund ein Jahr lang einen Teil meiner Beobachtungen und Erfahrungen im Bereich Onlinekommunikation zusammengetragen. 2010 ist dazu auch ein Buch im Gabal Verlag erschienen: \u201e<a href=\"http:\/\/www.amazon.de\/30-Minuten-Twitter-Facebook-XING\/dp\/3869360771\" target=\"_blank\" rel=\"noopener noreferrer\">30 Minuten \u2013 Twitter, Facebook, XING &amp; Co<\/a>.\u201c habe ich <a href=\"http:\/\/www.tim-schlueter.de\/\" target=\"_blank\" rel=\"noopener noreferrer\">zusammen mit Tim Schl\u00fcter<\/a> geschrieben. Dar\u00fcber hinaus finden Sie Texte von mir in <a href=\"https:\/\/www.intro.de\/popmusik\/dave-gahan-1\" target=\"_blank\" rel=\"noopener noreferrer\">Intro<\/a>, Festivalguide, Stadtrevue, <a href=\"https:\/\/t3n.de\/magazin\/schneller-kommunizieren-deutsche-welle-setzt-intranet-220155\/\" target=\"_blank\" rel=\"noopener noreferrer\">t3n<\/a>, <a href=\"https:\/\/www.dw.com\/de\/wiederaufbau-mit-gottes-hilfe\/a-17098713\" target=\"_blank\" rel=\"noopener noreferrer\">Deutsche Welle<\/a> sowie K\u00f6lner Stadt-Anzeiger und weiteren Publikationen.<\/p>\n<p><strong>Digital fotografieren<\/strong><br \/>\n2012 habe ich gemeinsam mit meiner Frau ein Fotoblog gestartet: Auf <a href=\"http:\/\/himmel-remixed.de\" target=\"_blank\" rel=\"noopener noreferrer\">Himmel Remixed<\/a> finden Sie 1000 Fotos, die wir auch bei <a href=\"https:\/\/de.pinterest.com\/michaelmuenz\/\" target=\"_blank\" rel=\"noopener noreferrer\">Pinterest<\/a> ausstellen. Auf beiden Seiten sind Kommentare herzlich willkommen. Mittlerweile poste ich meine <a href=\"https:\/\/www.instagram.com\/michaelmuenz\/\" target=\"_blank\" rel=\"noopener noreferrer\">Fotos auf Instagram<\/a>.<\/p>\n<p><strong>Musik verfilmen<\/strong><br \/>\nNoch ganz am Anfang, und vielleicht deswegen auch noch so aufregend, sind meine ersten Schritte in Richtung Musikvideos. Zwei davon habe ich schon produziert und <a href=\"https:\/\/www.youtube.com\/channel\/UCvUVRhYVr7gJe1VQk0zf60w\/videos\" target=\"_blank\" rel=\"noopener\">auf Youtube hochgeladen<\/a> &#8211; weitere werden folgen.<\/p>\n<p><strong>Einfach kontaktieren<br \/>\n<\/strong>Am besten erreichen Sie mich per E-Mail an <a href=\"mailto:kontakt@michaelmuenz.com\">kontakt (at) michaelmuenz.com<\/a>.<\/p>\n","protected":false},"excerpt":{"rendered":"<p>Online arbeiten Mit der \u201eInternet-Nacht\u201c der BBC 1995 fing alles an \u2013 seitdem kann ich mir ein Leben \u201eoffline\u201c kaum noch vorstellen. Das Volontariat mit Schwerpunkt Internet, journalistische Arbeit mit und \u00fcber Online-Angebote sowie Konzeption und Aufbau von Portalen haben &hellip; <a href=\"http:\/\/michaelmuenz.com\/?p=5\">Weiterlesen <span class=\"meta-nav\">&rarr;<\/span><\/a><\/p>\n","protected":false},"author":1,"featured_media":0,"comment_status":"closed","ping_status":"closed","sticky":false,"template":"","format":"standard","meta":{"footnotes":""},"categories":[7,4,3,6,5],"tags":[],"class_list":["post-5","post","type-post","status-publish","format-standard","hentry","category-autor","category-blogger","category-dj","category-journalist","category-social-media"],"_links":{"self":[{"href":"http:\/\/michaelmuenz.com\/index.php?rest_route=\/wp\/v2\/posts\/5","targetHints":{"allow":["GET"]}}],"collection":[{"href":"http:\/\/michaelmuenz.com\/index.php?rest_route=\/wp\/v2\/posts"}],"about":[{"href":"http:\/\/michaelmuenz.com\/index.php?rest_route=\/wp\/v2\/types\/post"}],"author":[{"embeddable":true,"href":"http:\/\/michaelmuenz.com\/index.php?rest_route=\/wp\/v2\/users\/1"}],"replies":[{"embeddable":true,"href":"http:\/\/michaelmuenz.com\/index.php?rest_route=%2Fwp%2Fv2%2Fcomments&post=5"}],"version-history":[{"count":23,"href":"http:\/\/michaelmuenz.com\/index.php?rest_route=\/wp\/v2\/posts\/5\/revisions"}],"predecessor-version":[{"id":63,"href":"http:\/\/michaelmuenz.com\/index.php?rest_route=\/wp\/v2\/posts\/5\/revisions\/63"}],"wp:attachment":[{"href":"http:\/\/michaelmuenz.com\/index.php?rest_route=%2Fwp%2Fv2%2Fmedia&parent=5"}],"wp:term":[{"taxonomy":"category","embeddable":true,"href":"http:\/\/michaelmuenz.com\/index.php?rest_route=%2Fwp%2Fv2%2Fcategories&post=5"},{"taxonomy":"post_tag","embeddable":true,"href":"http:\/\/michaelmuenz.com\/index.php?rest_route=%2Fwp%2Fv2%2Ftags&post=5"}],"curies":[{"name":"wp","href":"https:\/\/api.w.org\/{rel}","templated":true}]}}